{"id":435,"date":"2017-02-01T00:41:41","date_gmt":"2017-01-31T23:41:41","guid":{"rendered":"https:\/\/www.jeanboucton.com\/fr\/?p=435"},"modified":"2017-04-03T09:44:57","modified_gmt":"2017-04-03T07:44:57","slug":"launch-of-the-polo-season-at-de-beers","status":"publish","type":"post","link":"https:\/\/www.jeanboucton.com\/fr\/2017\/02\/01\/launch-of-the-polo-season-at-de-beers\/","title":{"rendered":"LAUNCH OF THE POLO SEASON AT DE BEERS"},"content":{"rendered":"<p style=\"text-align: justify\">Jean Boucton Champagne celebrated the launch of the polo season with an exclusive evening hosted by <a href=\"http:\/\/www.debeers.co.uk\/?gclid=CJq8mYja5M8CFcIV0wod9CMOPw\">De Beers, Mayfair<\/a>. Polo players, members of the press, and VIP guests enjoyed exclusive access to the diamond jeweller\u2019s private atelier, where they experienced Jean Boucton Champagne and a selection of innovative canapes. The evening celebrated the values and relationship that polo and Jean Boucton Champagne share, and was a fitting start to the polo season.<\/p>\n<p style=\"text-align: justify\">As the champagne flowed and canapes were enjoyed, VIP guests and professional polo players, such as Facundo Guevarra, mingled with De Beers\u2019s executives, and Champagne ambassadors. Guests sampled canapes created by 3 Michelin star pastry <a href=\"http:\/\/www.maitrechoux.com\/chefs\/index.html?Auth=l6o5ebv3hmui7ko1hvdb6p55n2\">chef, Joakim Prat<\/a>. Prat, from Ma\u00eetre Choux, has previously worked as Head Pastry Chef at Jo\u00ebl Robuchon\u2019s acclaimed London restaurant, L\u2019Atelier. He is renowned for respecting the history of choux, whilst also looking to the future with his innovative flavours and savoury options. The master pastry chef collaborated with Jean Boucton Champagne to create the perfect patisseries to pair with the champagne. Guests discovered Prat\u2019s passion for artistry and style, and enjoyed the sophisticated pairing of Champagne and Choux at the event!<\/p>\n<p><img loading=\"lazy\" decoding=\"async\" class=\"size-medium wp-image-1367 aligncenter\" src=\"https:\/\/www.jeanboucton.com\/wp-content\/uploads\/2016\/09\/LPP6026-MCERDEIRA-300x200.jpg\" alt=\"\" width=\"300\" height=\"200\" \/><\/p>\n<p style=\"text-align: justify\">As well as the delicious canapes, the exclusive venue made guests feel they were part of something very special, and offered them the chance to experience the world of Diamonds, polo and Champagne. This year\u2019s hosts, De Beers, allowed guests to access some of their private collection. Marvelling at the diamond jewellers pieces, guests were given an insight into the elegance and simplicity of De Beers\u2019s diamonds. With over a century of diamond expertise, De Beers is recognised globally as pioneers in diamond jewellery design. Guests were able to experience first-hand De Beers\u2019s unrivalled knowledge and artistry, as well as the jewellers respect for heritage and refinement.<\/p>\n<p style=\"text-align: justify\">Together with celebrating the new polo season, the evening was also a chance to introduce guests to Jean Boucton Champagne\u2019s new enterprise, Polo in White. The Launch of the Polo Season event will be held every year in different locations as part of the Polo in White concept. Polo in White is a fresh approach, which aims to associate the values of traditional businesses with Polo traditions, old and new. This authentic enterprise aims to bring polo back to its roots and celebrate family heritage, passion, and savoir fair. The Polo in White franchise will give guests access to the heart of polo. The opportunity to meet with players and share in a passion for the sport, is just one of the luxuries of getting to know polo authentically, from the inside.<\/p>\n<p style=\"text-align: justify\">The Launch of the Polo Season evening is one of the events building up towards the main summer event, the Polo in White Gold Cup. This polo tournament will allow guests to experience the traditions and elegant simplicity of the sport while enjoying Jean Boucton Champagne. The Launch of the Polo Season 2016 evening culminated in the polo shirt presentation. Facundo Guevara, team Captain and Polo in White Ambassador, was presented with a polo shirt by Veronica Munoz of the Argentinian Embassy and Polo Chic, as well as Jean-Christophe Boucton from Jean Boucton Champagne.<\/p>\n<p style=\"text-align: justify\">Jean Boucton Champagne invites you to work from the inside and explore polo\u2019s values, traditions and passions, which are very close to those of champagne.<\/p>\n","protected":false},"excerpt":{"rendered":"<p>Jean Boucton Champagne celebrated the launch of the polo season with an exclusive evening hosted by De Beers, Mayfair. Polo players, members of the press, and VIP guests enjoyed exclusive access to the diamond jeweller\u2019s private atelier, where they experienced Jean Boucton Champagne and a selection of innovative canapes. The evening celebrated the values and [&hellip;]<\/p>\n","protected":false},"author":3,"featured_media":436,"comment_status":"closed","ping_status":"closed","sticky":false,"template":"","format":"standard","meta":{"_acf_changed":false,"footnotes":""},"categories":[1],"tags":[],"class_list":["post-435","post","type-post","status-publish","format-standard","has-post-thumbnail","hentry","category-artdeviechampagne"],"acf":[],"yoast_head":"<!-- This site is optimized with the Yoast SEO plugin v25.3 - https:\/\/yoast.com\/wordpress\/plugins\/seo\/ -->\n<title>LAUNCH OF THE POLO SEASON AT DE BEERS - FR Jean Boucton Champagne<\/title>\n<meta name=\"robots\" content=\"index, follow, max-snippet:-1, max-image-preview:large, max-video-preview:-1\" \/>\n<link rel=\"canonical\" href=\"https:\/\/www.jeanboucton.com\/fr\/2017\/02\/01\/launch-of-the-polo-season-at-de-beers\/\" \/>\n<meta property=\"og:locale\" content=\"fr_FR\" \/>\n<meta property=\"og:type\" content=\"article\" \/>\n<meta property=\"og:title\" content=\"LAUNCH OF THE POLO SEASON AT DE BEERS - FR Jean Boucton Champagne\" \/>\n<meta property=\"og:description\" content=\"Jean Boucton Champagne celebrated the launch of the polo season with an exclusive evening hosted by De Beers, Mayfair. Polo players, members of the press, and VIP guests enjoyed exclusive access to the diamond jeweller\u2019s private atelier, where they experienced Jean Boucton Champagne and a selection of innovative canapes. The evening celebrated the values and [&hellip;]\" \/>\n<meta property=\"og:url\" content=\"https:\/\/www.jeanboucton.com\/fr\/2017\/02\/01\/launch-of-the-polo-season-at-de-beers\/\" \/>\n<meta property=\"og:site_name\" content=\"FR Jean Boucton Champagne\" \/>\n<meta property=\"article:publisher\" content=\"https:\/\/www.facebook.com\/ChampagneJeanB\" \/>\n<meta property=\"article:published_time\" content=\"2017-01-31T23:41:41+00:00\" \/>\n<meta property=\"article:modified_time\" content=\"2017-04-03T07:44:57+00:00\" \/>\n<meta property=\"og:image\" content=\"https:\/\/www.jeanboucton.com\/fr\/wp-content\/uploads\/sites\/4\/2017\/03\/IMG_2757-1120x470.jpg\" \/>\n\t<meta property=\"og:image:width\" content=\"1120\" \/>\n\t<meta property=\"og:image:height\" content=\"470\" \/>\n\t<meta property=\"og:image:type\" content=\"image\/jpeg\" \/>\n<meta name=\"author\" content=\"Jean-Christophe Boucton\" \/>\n<meta name=\"twitter:card\" content=\"summary_large_image\" \/>\n<meta name=\"twitter:creator\" content=\"@ChampagneJeanB\" \/>\n<meta name=\"twitter:site\" content=\"@ChampagneJeanB\" \/>\n<meta name=\"twitter:label1\" content=\"\u00c9crit par\" \/>\n\t<meta name=\"twitter:data1\" content=\"Jean-Christophe Boucton\" \/>\n\t<meta name=\"twitter:label2\" content=\"Dur\u00e9e de lecture estim\u00e9e\" \/>\n\t<meta name=\"twitter:data2\" content=\"3 minutes\" \/>\n<script type=\"application\/ld+json\" class=\"yoast-schema-graph\">{\"@context\":\"https:\/\/schema.org\",\"@graph\":[{\"@type\":\"Article\",\"@id\":\"https:\/\/www.jeanboucton.com\/fr\/2017\/02\/01\/launch-of-the-polo-season-at-de-beers\/#article\",\"isPartOf\":{\"@id\":\"https:\/\/www.jeanboucton.com\/fr\/2017\/02\/01\/launch-of-the-polo-season-at-de-beers\/\"},\"author\":{\"name\":\"Jean-Christophe Boucton\",\"@id\":\"https:\/\/www.jeanboucton.com\/fr\/#\/schema\/person\/1ae266345073b8a4923108e548756dfa\"},\"headline\":\"LAUNCH OF THE POLO SEASON AT DE BEERS\",\"datePublished\":\"2017-01-31T23:41:41+00:00\",\"dateModified\":\"2017-04-03T07:44:57+00:00\",\"mainEntityOfPage\":{\"@id\":\"https:\/\/www.jeanboucton.com\/fr\/2017\/02\/01\/launch-of-the-polo-season-at-de-beers\/\"},\"wordCount\":565,\"publisher\":{\"@id\":\"https:\/\/www.jeanboucton.com\/fr\/#organization\"},\"image\":{\"@id\":\"https:\/\/www.jeanboucton.com\/fr\/2017\/02\/01\/launch-of-the-polo-season-at-de-beers\/#primaryimage\"},\"thumbnailUrl\":\"https:\/\/www.jeanboucton.com\/fr\/wp-content\/uploads\/sites\/4\/2017\/03\/IMG_2757-1120x470.jpg\",\"articleSection\":[\"L\u2019art de vie champagne\"],\"inLanguage\":\"fr-FR\"},{\"@type\":\"WebPage\",\"@id\":\"https:\/\/www.jeanboucton.com\/fr\/2017\/02\/01\/launch-of-the-polo-season-at-de-beers\/\",\"url\":\"https:\/\/www.jeanboucton.com\/fr\/2017\/02\/01\/launch-of-the-polo-season-at-de-beers\/\",\"name\":\"LAUNCH OF THE POLO SEASON AT DE BEERS - FR Jean Boucton Champagne\",\"isPartOf\":{\"@id\":\"https:\/\/www.jeanboucton.com\/fr\/#website\"},\"primaryImageOfPage\":{\"@id\":\"https:\/\/www.jeanboucton.com\/fr\/2017\/02\/01\/launch-of-the-polo-season-at-de-beers\/#primaryimage\"},\"image\":{\"@id\":\"https:\/\/www.jeanboucton.com\/fr\/2017\/02\/01\/launch-of-the-polo-season-at-de-beers\/#primaryimage\"},\"thumbnailUrl\":\"https:\/\/www.jeanboucton.com\/fr\/wp-content\/uploads\/sites\/4\/2017\/03\/IMG_2757-1120x470.jpg\",\"datePublished\":\"2017-01-31T23:41:41+00:00\",\"dateModified\":\"2017-04-03T07:44:57+00:00\",\"breadcrumb\":{\"@id\":\"https:\/\/www.jeanboucton.com\/fr\/2017\/02\/01\/launch-of-the-polo-season-at-de-beers\/#breadcrumb\"},\"inLanguage\":\"fr-FR\",\"potentialAction\":[{\"@type\":\"ReadAction\",\"target\":[\"https:\/\/www.jeanboucton.com\/fr\/2017\/02\/01\/launch-of-the-polo-season-at-de-beers\/\"]}]},{\"@type\":\"ImageObject\",\"inLanguage\":\"fr-FR\",\"@id\":\"https:\/\/www.jeanboucton.com\/fr\/2017\/02\/01\/launch-of-the-polo-season-at-de-beers\/#primaryimage\",\"url\":\"https:\/\/www.jeanboucton.com\/fr\/wp-content\/uploads\/sites\/4\/2017\/03\/IMG_2757-1120x470.jpg\",\"contentUrl\":\"https:\/\/www.jeanboucton.com\/fr\/wp-content\/uploads\/sites\/4\/2017\/03\/IMG_2757-1120x470.jpg\",\"width\":1120,\"height\":470},{\"@type\":\"BreadcrumbList\",\"@id\":\"https:\/\/www.jeanboucton.com\/fr\/2017\/02\/01\/launch-of-the-polo-season-at-de-beers\/#breadcrumb\",\"itemListElement\":[{\"@type\":\"ListItem\",\"position\":1,\"name\":\"Home\",\"item\":\"https:\/\/www.jeanboucton.com\/fr\/\"},{\"@type\":\"ListItem\",\"position\":2,\"name\":\"LAUNCH OF THE POLO SEASON AT DE BEERS\"}]},{\"@type\":\"WebSite\",\"@id\":\"https:\/\/www.jeanboucton.com\/fr\/#website\",\"url\":\"https:\/\/www.jeanboucton.com\/fr\/\",\"name\":\"Jean Boucton Champagne\",\"description\":\"Champagne\",\"publisher\":{\"@id\":\"https:\/\/www.jeanboucton.com\/fr\/#organization\"},\"potentialAction\":[{\"@type\":\"SearchAction\",\"target\":{\"@type\":\"EntryPoint\",\"urlTemplate\":\"https:\/\/www.jeanboucton.com\/fr\/?s={search_term_string}\"},\"query-input\":{\"@type\":\"PropertyValueSpecification\",\"valueRequired\":true,\"valueName\":\"search_term_string\"}}],\"inLanguage\":\"fr-FR\"},{\"@type\":\"Organization\",\"@id\":\"https:\/\/www.jeanboucton.com\/fr\/#organization\",\"name\":\"Jean Boucton Champagne\",\"url\":\"https:\/\/www.jeanboucton.com\/fr\/\",\"logo\":{\"@type\":\"ImageObject\",\"inLanguage\":\"fr-FR\",\"@id\":\"https:\/\/www.jeanboucton.com\/fr\/#\/schema\/logo\/image\/\",\"url\":\"https:\/\/www.jeanboucton.com\/fr\/wp-content\/uploads\/sites\/4\/2016\/11\/logo.png\",\"contentUrl\":\"https:\/\/www.jeanboucton.com\/fr\/wp-content\/uploads\/sites\/4\/2016\/11\/logo.png\",\"width\":785,\"height\":313,\"caption\":\"Jean Boucton Champagne\"},\"image\":{\"@id\":\"https:\/\/www.jeanboucton.com\/fr\/#\/schema\/logo\/image\/\"},\"sameAs\":[\"https:\/\/www.facebook.com\/ChampagneJeanB\",\"https:\/\/x.com\/ChampagneJeanB\",\"https:\/\/www.instagram.com\/jeanbouctonchampagne\/\"]},{\"@type\":\"Person\",\"@id\":\"https:\/\/www.jeanboucton.com\/fr\/#\/schema\/person\/1ae266345073b8a4923108e548756dfa\",\"name\":\"Jean-Christophe Boucton\",\"image\":{\"@type\":\"ImageObject\",\"inLanguage\":\"fr-FR\",\"@id\":\"https:\/\/www.jeanboucton.com\/fr\/#\/schema\/person\/image\/\",\"url\":\"https:\/\/secure.gravatar.com\/avatar\/570892470dfdd13ba8bbaffb547378041835bb8d7e7e2544dc1a59d942fa0d48?s=96&d=mm&r=g\",\"contentUrl\":\"https:\/\/secure.gravatar.com\/avatar\/570892470dfdd13ba8bbaffb547378041835bb8d7e7e2544dc1a59d942fa0d48?s=96&d=mm&r=g\",\"caption\":\"Jean-Christophe Boucton\"}}]}<\/script>\n<!-- \/ Yoast SEO plugin. -->","yoast_head_json":{"title":"LAUNCH OF THE POLO SEASON AT DE BEERS - FR Jean Boucton Champagne","robots":{"index":"index","follow":"follow","max-snippet":"max-snippet:-1","max-image-preview":"max-image-preview:large","max-video-preview":"max-video-preview:-1"},"canonical":"https:\/\/www.jeanboucton.com\/fr\/2017\/02\/01\/launch-of-the-polo-season-at-de-beers\/","og_locale":"fr_FR","og_type":"article","og_title":"LAUNCH OF THE POLO SEASON AT DE BEERS - FR Jean Boucton Champagne","og_description":"Jean Boucton Champagne celebrated the launch of the polo season with an exclusive evening hosted by De Beers, Mayfair. Polo players, members of the press, and VIP guests enjoyed exclusive access to the diamond jeweller\u2019s private atelier, where they experienced Jean Boucton Champagne and a selection of innovative canapes. The evening celebrated the values and [&hellip;]","og_url":"https:\/\/www.jeanboucton.com\/fr\/2017\/02\/01\/launch-of-the-polo-season-at-de-beers\/","og_site_name":"FR Jean Boucton Champagne","article_publisher":"https:\/\/www.facebook.com\/ChampagneJeanB","article_published_time":"2017-01-31T23:41:41+00:00","article_modified_time":"2017-04-03T07:44:57+00:00","og_image":[{"width":1120,"height":470,"url":"https:\/\/www.jeanboucton.com\/fr\/wp-content\/uploads\/sites\/4\/2017\/03\/IMG_2757-1120x470.jpg","type":"image\/jpeg"}],"author":"Jean-Christophe Boucton","twitter_card":"summary_large_image","twitter_creator":"@ChampagneJeanB","twitter_site":"@ChampagneJeanB","twitter_misc":{"\u00c9crit par":"Jean-Christophe Boucton","Dur\u00e9e de lecture estim\u00e9e":"3 minutes"},"schema":{"@context":"https:\/\/schema.org","@graph":[{"@type":"Article","@id":"https:\/\/www.jeanboucton.com\/fr\/2017\/02\/01\/launch-of-the-polo-season-at-de-beers\/#article","isPartOf":{"@id":"https:\/\/www.jeanboucton.com\/fr\/2017\/02\/01\/launch-of-the-polo-season-at-de-beers\/"},"author":{"name":"Jean-Christophe Boucton","@id":"https:\/\/www.jeanboucton.com\/fr\/#\/schema\/person\/1ae266345073b8a4923108e548756dfa"},"headline":"LAUNCH OF THE POLO SEASON AT DE BEERS","datePublished":"2017-01-31T23:41:41+00:00","dateModified":"2017-04-03T07:44:57+00:00","mainEntityOfPage":{"@id":"https:\/\/www.jeanboucton.com\/fr\/2017\/02\/01\/launch-of-the-polo-season-at-de-beers\/"},"wordCount":565,"publisher":{"@id":"https:\/\/www.jeanboucton.com\/fr\/#organization"},"image":{"@id":"https:\/\/www.jeanboucton.com\/fr\/2017\/02\/01\/launch-of-the-polo-season-at-de-beers\/#primaryimage"},"thumbnailUrl":"https:\/\/www.jeanboucton.com\/fr\/wp-content\/uploads\/sites\/4\/2017\/03\/IMG_2757-1120x470.jpg","articleSection":["L\u2019art de vie champagne"],"inLanguage":"fr-FR"},{"@type":"WebPage","@id":"https:\/\/www.jeanboucton.com\/fr\/2017\/02\/01\/launch-of-the-polo-season-at-de-beers\/","url":"https:\/\/www.jeanboucton.com\/fr\/2017\/02\/01\/launch-of-the-polo-season-at-de-beers\/","name":"LAUNCH OF THE POLO SEASON AT DE BEERS - FR Jean Boucton Champagne","isPartOf":{"@id":"https:\/\/www.jeanboucton.com\/fr\/#website"},"primaryImageOfPage":{"@id":"https:\/\/www.jeanboucton.com\/fr\/2017\/02\/01\/launch-of-the-polo-season-at-de-beers\/#primaryimage"},"image":{"@id":"https:\/\/www.jeanboucton.com\/fr\/2017\/02\/01\/launch-of-the-polo-season-at-de-beers\/#primaryimage"},"thumbnailUrl":"https:\/\/www.jeanboucton.com\/fr\/wp-content\/uploads\/sites\/4\/2017\/03\/IMG_2757-1120x470.jpg","datePublished":"2017-01-31T23:41:41+00:00","dateModified":"2017-04-03T07:44:57+00:00","breadcrumb":{"@id":"https:\/\/www.jeanboucton.com\/fr\/2017\/02\/01\/launch-of-the-polo-season-at-de-beers\/#breadcrumb"},"inLanguage":"fr-FR","potentialAction":[{"@type":"ReadAction","target":["https:\/\/www.jeanboucton.com\/fr\/2017\/02\/01\/launch-of-the-polo-season-at-de-beers\/"]}]},{"@type":"ImageObject","inLanguage":"fr-FR","@id":"https:\/\/www.jeanboucton.com\/fr\/2017\/02\/01\/launch-of-the-polo-season-at-de-beers\/#primaryimage","url":"https:\/\/www.jeanboucton.com\/fr\/wp-content\/uploads\/sites\/4\/2017\/03\/IMG_2757-1120x470.jpg","contentUrl":"https:\/\/www.jeanboucton.com\/fr\/wp-content\/uploads\/sites\/4\/2017\/03\/IMG_2757-1120x470.jpg","width":1120,"height":470},{"@type":"BreadcrumbList","@id":"https:\/\/www.jeanboucton.com\/fr\/2017\/02\/01\/launch-of-the-polo-season-at-de-beers\/#breadcrumb","itemListElement":[{"@type":"ListItem","position":1,"name":"Home","item":"https:\/\/www.jeanboucton.com\/fr\/"},{"@type":"ListItem","position":2,"name":"LAUNCH OF THE POLO SEASON AT DE BEERS"}]},{"@type":"WebSite","@id":"https:\/\/www.jeanboucton.com\/fr\/#website","url":"https:\/\/www.jeanboucton.com\/fr\/","name":"Jean Boucton Champagne","description":"Champagne","publisher":{"@id":"https:\/\/www.jeanboucton.com\/fr\/#organization"},"potentialAction":[{"@type":"SearchAction","target":{"@type":"EntryPoint","urlTemplate":"https:\/\/www.jeanboucton.com\/fr\/?s={search_term_string}"},"query-input":{"@type":"PropertyValueSpecification","valueRequired":true,"valueName":"search_term_string"}}],"inLanguage":"fr-FR"},{"@type":"Organization","@id":"https:\/\/www.jeanboucton.com\/fr\/#organization","name":"Jean Boucton Champagne","url":"https:\/\/www.jeanboucton.com\/fr\/","logo":{"@type":"ImageObject","inLanguage":"fr-FR","@id":"https:\/\/www.jeanboucton.com\/fr\/#\/schema\/logo\/image\/","url":"https:\/\/www.jeanboucton.com\/fr\/wp-content\/uploads\/sites\/4\/2016\/11\/logo.png","contentUrl":"https:\/\/www.jeanboucton.com\/fr\/wp-content\/uploads\/sites\/4\/2016\/11\/logo.png","width":785,"height":313,"caption":"Jean Boucton Champagne"},"image":{"@id":"https:\/\/www.jeanboucton.com\/fr\/#\/schema\/logo\/image\/"},"sameAs":["https:\/\/www.facebook.com\/ChampagneJeanB","https:\/\/x.com\/ChampagneJeanB","https:\/\/www.instagram.com\/jeanbouctonchampagne\/"]},{"@type":"Person","@id":"https:\/\/www.jeanboucton.com\/fr\/#\/schema\/person\/1ae266345073b8a4923108e548756dfa","name":"Jean-Christophe Boucton","image":{"@type":"ImageObject","inLanguage":"fr-FR","@id":"https:\/\/www.jeanboucton.com\/fr\/#\/schema\/person\/image\/","url":"https:\/\/secure.gravatar.com\/avatar\/570892470dfdd13ba8bbaffb547378041835bb8d7e7e2544dc1a59d942fa0d48?s=96&d=mm&r=g","contentUrl":"https:\/\/secure.gravatar.com\/avatar\/570892470dfdd13ba8bbaffb547378041835bb8d7e7e2544dc1a59d942fa0d48?s=96&d=mm&r=g","caption":"Jean-Christophe Boucton"}}]}},"_links":{"self":[{"href":"https:\/\/www.jeanboucton.com\/fr\/wp-json\/wp\/v2\/posts\/435","targetHints":{"allow":["GET"]}}],"collection":[{"href":"https:\/\/www.jeanboucton.com\/fr\/wp-json\/wp\/v2\/posts"}],"about":[{"href":"https:\/\/www.jeanboucton.com\/fr\/wp-json\/wp\/v2\/types\/post"}],"author":[{"embeddable":true,"href":"https:\/\/www.jeanboucton.com\/fr\/wp-json\/wp\/v2\/users\/3"}],"replies":[{"embeddable":true,"href":"https:\/\/www.jeanboucton.com\/fr\/wp-json\/wp\/v2\/comments?post=435"}],"version-history":[{"count":2,"href":"https:\/\/www.jeanboucton.com\/fr\/wp-json\/wp\/v2\/posts\/435\/revisions"}],"predecessor-version":[{"id":438,"href":"https:\/\/www.jeanboucton.com\/fr\/wp-json\/wp\/v2\/posts\/435\/revisions\/438"}],"wp:featuredmedia":[{"embeddable":true,"href":"https:\/\/www.jeanboucton.com\/fr\/wp-json\/wp\/v2\/media\/436"}],"wp:attachment":[{"href":"https:\/\/www.jeanboucton.com\/fr\/wp-json\/wp\/v2\/media?parent=435"}],"wp:term":[{"taxonomy":"category","embeddable":true,"href":"https:\/\/www.jeanboucton.com\/fr\/wp-json\/wp\/v2\/categories?post=435"},{"taxonomy":"post_tag","embeddable":true,"href":"https:\/\/www.jeanboucton.com\/fr\/wp-json\/wp\/v2\/tags?post=435"}],"curies":[{"name":"wp","href":"https:\/\/api.w.org\/{rel}","templated":true}]}}